{"id":577,"date":"2015-06-15T11:27:07","date_gmt":"2015-06-15T09:27:07","guid":{"rendered":"http:\/\/www.campingilmelo.it\/?p=577"},"modified":"2016-06-04T18:20:07","modified_gmt":"2016-06-04T16:20:07","slug":"excursions","status":"publish","type":"post","link":"http:\/\/www.campingilmelo.it\/fr\/excursions\/","title":{"rendered":"Excursions"},"content":{"rendered":"<p><a href=\"http:\/\/www.campingilmelo.it\/wp-content\/uploads\/2015\/06\/passeggiata-di-primavera.jpg\"><img decoding=\"async\" loading=\"lazy\" class=\"alignnone wp-image-746 size-large\" src=\"http:\/\/www.campingilmelo.it\/wp-content\/uploads\/2015\/06\/passeggiata-di-primavera-1024x637.jpg\" alt=\"\" width=\"730\" height=\"454\" srcset=\"http:\/\/www.campingilmelo.it\/wp-content\/uploads\/2015\/06\/passeggiata-di-primavera-1024x637.jpg 1024w, http:\/\/www.campingilmelo.it\/wp-content\/uploads\/2015\/06\/passeggiata-di-primavera-300x187.jpg 300w, http:\/\/www.campingilmelo.it\/wp-content\/uploads\/2015\/06\/passeggiata-di-primavera-768x478.jpg 768w\" sizes=\"(max-width: 730px) 100vw, 730px\" \/><\/a><\/p>\n<p>Le<span class=\"Apple-converted-space\">\u00a0<\/span><strong>Camping Il Melo<\/strong>, est l&#8217;id\u00e9al point de d\u00e9part pour vos excursiones \u00e0 la d\u00e9couverte des merveilles de la zone: en se randonnant sur les chemins, en v\u00e9lo sur les anciens sentiers, en profitant d&#8217;un rafting sur le fleuve, en s&#8217;abandonnant aux thermes ou encore<span class=\"Apple-converted-space\">\u00a0<\/span>en go\u00fbtant les plats traditionnels.<\/p>\n<p>Les collins offrent charmantes et panoramiques randonn\u00e9es \u00e0 travers des bois de ch\u00e2taigniers, h\u00eatres et des pr\u00e9s qui entourent les champs de fraises, de framboises, de m\u00fbres, de groseilles et de myrtilles g\u00e9ants cultiv\u00e9s par des petites fermes \u00e0 tradition familiale.<\/p>\n<p>Du camping un sentier le long du ruisseau vous am\u00e8ne au pays de<span class=\"Apple-converted-space\">\u00a0<\/span><strong>Peveragno,<span class=\"Apple-converted-space\">\u00a0<\/span><\/strong>avant il \u00e9tait le village des ch\u00e2taignes, apr\u00e8s des m\u00fbriers, aujourd&#8217;hui il est connu pour ses fraises. Il s&#8217;agit d&#8217;un ancien centre parmi les mieux conserv\u00e9s de la zone; autour d&#8217;une premi\u00e8re fortification, d\u00e9nomm\u00e9e le<span class=\"Apple-converted-space\">\u00a0<\/span><strong>&#8220;Ricetto&#8221;<\/strong>, il s&#8217;est \u00e9tendu avec des maisons caract\u00e9ristiques et d\u00e9cor\u00e9es. Le village, situ\u00e9<span lang=\"it-IT\"><span class=\"Apple-converted-space\">\u00a0<\/span><\/span>aux pieds de la montagne Bisalta, appartient linguistiquement \u00e0 la zone occitanedont vous pouvez d\u00e9couvrir les traditions, les musiques et les danses.<\/p>\n<p>Plusieurs<strong><span class=\"Apple-converted-space\">\u00a0<\/span>Parcs et reserves naturelles<\/strong> se trouvent \u00e0 quelques kilom\u00e8tres du camping, comme le<span class=\"Apple-converted-space\">\u00a0<\/span><strong><a href=\"http:\/\/www.parcomarguareis.it\/\" target=\"_blank\"><strong>Parc Naturel Marguareis<\/strong><\/a><span class=\"Apple-converted-space\">\u00a0<\/span><\/strong>avec la Chartreuse et le<span class=\"Apple-converted-space\">\u00a0<\/span><strong><a href=\"http:\/\/fr.parcoalpimarittime.it\/\" target=\"_blank\"><strong>Parc Naturel Alpes Maritimes<\/strong><\/a><span class=\"Apple-converted-space\">\u00a0<\/span><\/strong>avec le<strong><span class=\"Apple-converted-space\">\u00a0<\/span><\/strong>Centre de la faune Hommes et Loups. Ou encore vous pouvez r\u00e9joindre les<span class=\"Apple-converted-space\">\u00a0<\/span><a href=\"http:\/\/www.cuneoholiday.com\/fr\/bien-etre\/\" target=\"_blank\"><strong>thermes<span class=\"Apple-converted-space\">\u00a0<\/span><\/strong><\/a>de Lurisia, Valdieri<span class=\"Apple-converted-space\">\u00a0<\/span>et<span class=\"Apple-converted-space\">\u00a0<\/span>Vinadio<span class=\"Apple-converted-space\">\u00a0<\/span>et<span class=\"Apple-converted-space\">\u00a0<\/span>visiter le<strong><span class=\"Apple-converted-space\">\u00a0<\/span>Sanctuaire de Sainte Anne de Vinadio<\/strong>, le plus haut d&#8217;Europe (2010 mt). Ne manquer pas les<span class=\"Apple-converted-space\">\u00a0<\/span><a href=\"http:\/\/www.cuneoholiday.com\/fr\/territoire\/les-grottes\/\" target=\"_blank\"><strong>grottes<span class=\"Apple-converted-space\">\u00a0<\/span><\/strong><\/a>dont est riche la zone environnante.<\/p>\n","protected":false},"excerpt":{"rendered":"<p>Le\u00a0Camping Il Melo, est l&#8217;id\u00e9al point de d\u00e9part pour vos excursiones \u00e0 la d\u00e9couverte des merveilles de la zone: en se randonnant sur les chemins, en v\u00e9lo sur les anciens sentiers, en profitant d&#8217;un rafting sur le fleuve, en s&#8217;abandonnant aux thermes ou encore\u00a0en go\u00fbtant les plats traditionnels. Les collins offrent charmantes et panoramiques randonn\u00e9es [&hellip;]<\/p>\n","protected":false},"author":1,"featured_media":352,"comment_status":"closed","ping_status":"closed","sticky":false,"template":"","format":"standard","meta":{"ngg_post_thumbnail":0},"categories":[6],"tags":[],"_links":{"self":[{"href":"http:\/\/www.campingilmelo.it\/fr\/wp-json\/wp\/v2\/posts\/577"}],"collection":[{"href":"http:\/\/www.campingilmelo.it\/fr\/wp-json\/wp\/v2\/posts"}],"about":[{"href":"http:\/\/www.campingilmelo.it\/fr\/wp-json\/wp\/v2\/types\/post"}],"author":[{"embeddable":true,"href":"http:\/\/www.campingilmelo.it\/fr\/wp-json\/wp\/v2\/users\/1"}],"replies":[{"embeddable":true,"href":"http:\/\/www.campingilmelo.it\/fr\/wp-json\/wp\/v2\/comments?post=577"}],"version-history":[{"count":4,"href":"http:\/\/www.campingilmelo.it\/fr\/wp-json\/wp\/v2\/posts\/577\/revisions"}],"predecessor-version":[{"id":750,"href":"http:\/\/www.campingilmelo.it\/fr\/wp-json\/wp\/v2\/posts\/577\/revisions\/750"}],"wp:featuredmedia":[{"embeddable":true,"href":"http:\/\/www.campingilmelo.it\/fr\/wp-json\/wp\/v2\/media\/352"}],"wp:attachment":[{"href":"http:\/\/www.campingilmelo.it\/fr\/wp-json\/wp\/v2\/media?parent=577"}],"wp:term":[{"taxonomy":"category","embeddable":true,"href":"http:\/\/www.campingilmelo.it\/fr\/wp-json\/wp\/v2\/categories?post=577"},{"taxonomy":"post_tag","embeddable":true,"href":"http:\/\/www.campingilmelo.it\/fr\/wp-json\/wp\/v2\/tags?post=577"}],"curies":[{"name":"wp","href":"https:\/\/api.w.org\/{rel}","templated":true}]}}